{"id":3689,"date":"2026-08-28T09:17:39","date_gmt":"2026-08-28T07:17:39","guid":{"rendered":"https:\/\/wave-gr.eu\/?p=3689"},"modified":"2026-08-28T09:22:02","modified_gmt":"2026-08-28T07:22:02","slug":"ard-reportage-gestern-erschien-der-beitrag-nachhaltige-modellprojekte-in-der-saarlaendischen-holzwirtschaft-dlg-bau-und-izes","status":"publish","type":"post","link":"https:\/\/wave-gr.eu\/de\/ard-reportage-gestern-erschien-der-beitrag-nachhaltige-modellprojekte-in-der-saarlaendischen-holzwirtschaft-dlg-bau-und-izes\/","title":{"rendered":"ARD-Reportage &#8211; &#8222;Nachhaltige Modellprojekte in der saarl\u00e4ndischen Holzwirtschaft&#8220;\u00a0-DLG Bau und IZES"},"content":{"rendered":"\n<p class=\"wp-block-paragraph\">ARD-Reportage-&#8222;Nachhaltige Modellprojekte in der saarl\u00e4ndischen Holzwirtschaft&#8220;\u00a0 (ab Minute 22:25).<\/p>\n\n\n\n<p class=\"wp-block-paragraph\">Das sr-Fernsehen begleitet das Interreg-Projekt W.A.V.E. zur F\u00f6rderung des nachhaltigen Bauens in der Gro\u00dfregion mit den saarl\u00e4ndischen Partnern, der Dienstleistungsgesellschaft der saarl\u00e4ndischen Bauwirtschaft und der IZES gGmbH von Beginn an.<\/p>\n\n\n\n<p class=\"wp-block-paragraph\">Gestern erschien (26.08.26) der Beitrag&#8220;Nachhaltige Modellprojekte in der saarl\u00e4ndischen Holzwirtschaft&#8220;\u00a0 (ab Minute 22:25).<\/p>\n\n\n\n<p class=\"wp-block-paragraph\">Abrufbar in der<a href=\"https:\/\/www.ardmediathek.de\/video\/aktueller-bericht\/aktueller-bericht-26-08-2026\/sr\/Y3JpZDovL3NyLW9ubGluZS5kZS9BQl8xNzMwODE\"> ARD Mediathek unter<\/a> : <\/p>\n\n\n\n<p class=\"wp-block-paragraph\">Das im Projekt als Lehr- und \u00dcbungstool geplante <em>ModuLoop<\/em> ist in der praktischen Anwendung im Ausbildungszentrum des AGV Bau Saar angekommen. Nach dem Aufbau im vergangenen Schuljahr, erfolgt nun der Abbau und die erneute Nutzung in der Ausbildung der Zimmerer im Schuljahr 2026\/2027.<\/p>\n\n\n\n<p class=\"wp-block-paragraph\">Im Rahmen eines Workshops im Pr\u00fcflabor von Prof. Markus Enders-Comberg (Bauingenieurwesen\/Stahlbau und Holzbau) an der htw saar f\u00fchrte der Planer Jonas Tossing (Ingenieurb\u00fcro Pyttlik&amp;Bormann) in das <em>ModuLoop<\/em> und seine speziellen Verbinder ein, die den zerst\u00f6rungsfreien R\u00fcckbau und die Wiederverwendbarkeit gew\u00e4hrleisten.<\/p>\n\n\n\n<p class=\"wp-block-paragraph\">In gemischten Teams von Studierenden und Auszubildenden wurden Pr\u00fcfk\u00f6rper zu einem Knotenpunkt des Moduls erstellt und auf Belastung getestet.<\/p>\n\n\n\n<p class=\"wp-block-paragraph\">Die Studierenden sch\u00e4tzten die Abwechselung beim praktischen Arbeiten und die Auszubildenden der Firma Lo\u00ebs nahmen auch einiges an Wissen und Erfahrungen mit aus dem Austausch zwischen Handwerk und Hochschule.<\/p>\n\n\n\n<p class=\"wp-block-paragraph\">Hervorragende Zusammenarbeit der saarl\u00e4ndischen Partner DLG Bau und IZES<\/p>\n","protected":false},"excerpt":{"rendered":"<p>ARD-Reportage-&#8222;Nachhaltige Modellprojekte in der saarl\u00e4ndischen Holzwirtschaft&#8220;\u00a0 (ab Minute 22:25). Das sr-Fernsehen begleitet das Interreg-Projekt W.A.V.E. zur F\u00f6rderung des nachhaltigen Bauens in der Gro\u00dfregion mit den saarl\u00e4ndischen Partnern, der Dienstleistungsgesellschaft der saarl\u00e4ndischen Bauwirtschaft und der IZES gGmbH von Beginn an. Gestern erschien (26.08.26) der Beitrag&#8220;Nachhaltige Modellprojekte in der saarl\u00e4ndischen Holzwirtschaft&#8220;\u00a0 (ab Minute 22:25). Abrufbar in der [&hellip;]<\/p>\n","protected":false},"author":2,"featured_media":3684,"comment_status":"closed","ping_status":"closed","sticky":false,"template":"","format":"standard","meta":{"_acf_changed":false,"inline_featured_image":false,"footnotes":""},"categories":[6],"tags":[],"class_list":["post-3689","post","type-post","status-publish","format-standard","has-post-thumbnail","hentry","category-unkategorisiert"],"acf":[],"yoast_head":"<!-- This site is optimized with the Yoast SEO plugin v27.9 - https:\/\/yoast.com\/product\/yoast-seo-wordpress\/ -->\n<title>ARD-Reportage - &quot;Nachhaltige Modellprojekte in der saarl\u00e4ndischen Holzwirtschaft&quot;\u00a0-DLG Bau und IZES - Projet INTERREG GR W.A.V.E.<\/title>\n<meta name=\"robots\" content=\"index, follow, max-snippet:-1, max-image-preview:large, max-video-preview:-1\" \/>\n<link rel=\"canonical\" href=\"https:\/\/wave-gr.eu\/de\/ard-reportage-gestern-erschien-der-beitrag-nachhaltige-modellprojekte-in-der-saarlaendischen-holzwirtschaft-dlg-bau-und-izes\/\" \/>\n<meta property=\"og:locale\" content=\"de_DE\" \/>\n<meta property=\"og:type\" content=\"article\" \/>\n<meta property=\"og:title\" content=\"ARD-Reportage - &quot;Nachhaltige Modellprojekte in der saarl\u00e4ndischen Holzwirtschaft&quot;\u00a0-DLG Bau und IZES - Projet INTERREG GR W.A.V.E.\" \/>\n<meta property=\"og:description\" content=\"ARD-Reportage-&#8222;Nachhaltige Modellprojekte in der saarl\u00e4ndischen Holzwirtschaft&#8220;\u00a0 (ab Minute 22:25). Das sr-Fernsehen begleitet das Interreg-Projekt W.A.V.E. zur F\u00f6rderung des nachhaltigen Bauens in der Gro\u00dfregion mit den saarl\u00e4ndischen Partnern, der Dienstleistungsgesellschaft der saarl\u00e4ndischen Bauwirtschaft und der IZES gGmbH von Beginn an. Gestern erschien (26.08.26) der Beitrag&#8220;Nachhaltige Modellprojekte in der saarl\u00e4ndischen Holzwirtschaft&#8220;\u00a0 (ab Minute 22:25). Abrufbar in der [&hellip;]\" \/>\n<meta property=\"og:url\" content=\"https:\/\/wave-gr.eu\/de\/ard-reportage-gestern-erschien-der-beitrag-nachhaltige-modellprojekte-in-der-saarlaendischen-holzwirtschaft-dlg-bau-und-izes\/\" \/>\n<meta property=\"og:site_name\" content=\"Projet INTERREG GR W.A.V.E.\" \/>\n<meta property=\"article:published_time\" content=\"2026-08-28T07:17:39+00:00\" \/>\n<meta property=\"article:modified_time\" content=\"2026-08-28T07:22:02+00:00\" \/>\n<meta property=\"og:image\" content=\"https:\/\/wave-gr.eu\/wp-content\/uploads\/2026\/08\/ARD-Moduloop_260826-1024x465.png\" \/>\n\t<meta property=\"og:image:width\" content=\"1024\" \/>\n\t<meta property=\"og:image:height\" content=\"465\" \/>\n\t<meta property=\"og:image:type\" content=\"image\/png\" \/>\n<meta name=\"author\" content=\"wave\" \/>\n<meta name=\"twitter:card\" content=\"summary_large_image\" \/>\n<meta name=\"twitter:label1\" content=\"Verfasst von\" \/>\n\t<meta name=\"twitter:data1\" content=\"wave\" \/>\n\t<meta name=\"twitter:label2\" content=\"Gesch\u00e4tzte Lesezeit\" \/>\n\t<meta name=\"twitter:data2\" content=\"2\u00a0Minuten\" \/>\n<script type=\"application\/ld+json\" class=\"yoast-schema-graph\">{\"@context\":\"https:\\\/\\\/schema.org\",\"@graph\":[{\"@type\":\"Article\",\"@id\":\"https:\\\/\\\/wave-gr.eu\\\/de\\\/ard-reportage-gestern-erschien-der-beitrag-nachhaltige-modellprojekte-in-der-saarlaendischen-holzwirtschaft-dlg-bau-und-izes\\\/#article\",\"isPartOf\":{\"@id\":\"https:\\\/\\\/wave-gr.eu\\\/de\\\/ard-reportage-gestern-erschien-der-beitrag-nachhaltige-modellprojekte-in-der-saarlaendischen-holzwirtschaft-dlg-bau-und-izes\\\/\"},\"author\":{\"name\":\"wave\",\"@id\":\"https:\\\/\\\/wave-gr.eu\\\/de\\\/#\\\/schema\\\/person\\\/73f620df67cfbb79252113141cfb4cbe\"},\"headline\":\"ARD-Reportage &#8211; &#8222;Nachhaltige Modellprojekte in der saarl\u00e4ndischen Holzwirtschaft&#8220;\u00a0-DLG Bau und IZES\",\"datePublished\":\"2026-08-28T07:17:39+00:00\",\"dateModified\":\"2026-08-28T07:22:02+00:00\",\"mainEntityOfPage\":{\"@id\":\"https:\\\/\\\/wave-gr.eu\\\/de\\\/ard-reportage-gestern-erschien-der-beitrag-nachhaltige-modellprojekte-in-der-saarlaendischen-holzwirtschaft-dlg-bau-und-izes\\\/\"},\"wordCount\":232,\"publisher\":{\"@id\":\"https:\\\/\\\/wave-gr.eu\\\/de\\\/#organization\"},\"image\":{\"@id\":\"https:\\\/\\\/wave-gr.eu\\\/de\\\/ard-reportage-gestern-erschien-der-beitrag-nachhaltige-modellprojekte-in-der-saarlaendischen-holzwirtschaft-dlg-bau-und-izes\\\/#primaryimage\"},\"thumbnailUrl\":\"https:\\\/\\\/wave-gr.eu\\\/wp-content\\\/uploads\\\/2026\\\/08\\\/ARD-Moduloop_260826.png\",\"articleSection\":[\"Unkategorisiert\"],\"inLanguage\":\"de\"},{\"@type\":\"WebPage\",\"@id\":\"https:\\\/\\\/wave-gr.eu\\\/de\\\/ard-reportage-gestern-erschien-der-beitrag-nachhaltige-modellprojekte-in-der-saarlaendischen-holzwirtschaft-dlg-bau-und-izes\\\/\",\"url\":\"https:\\\/\\\/wave-gr.eu\\\/de\\\/ard-reportage-gestern-erschien-der-beitrag-nachhaltige-modellprojekte-in-der-saarlaendischen-holzwirtschaft-dlg-bau-und-izes\\\/\",\"name\":\"ARD-Reportage - \\\"Nachhaltige Modellprojekte in der saarl\u00e4ndischen Holzwirtschaft\\\"\u00a0-DLG Bau und IZES - Projet INTERREG GR W.A.V.E.\",\"isPartOf\":{\"@id\":\"https:\\\/\\\/wave-gr.eu\\\/de\\\/#website\"},\"primaryImageOfPage\":{\"@id\":\"https:\\\/\\\/wave-gr.eu\\\/de\\\/ard-reportage-gestern-erschien-der-beitrag-nachhaltige-modellprojekte-in-der-saarlaendischen-holzwirtschaft-dlg-bau-und-izes\\\/#primaryimage\"},\"image\":{\"@id\":\"https:\\\/\\\/wave-gr.eu\\\/de\\\/ard-reportage-gestern-erschien-der-beitrag-nachhaltige-modellprojekte-in-der-saarlaendischen-holzwirtschaft-dlg-bau-und-izes\\\/#primaryimage\"},\"thumbnailUrl\":\"https:\\\/\\\/wave-gr.eu\\\/wp-content\\\/uploads\\\/2026\\\/08\\\/ARD-Moduloop_260826.png\",\"datePublished\":\"2026-08-28T07:17:39+00:00\",\"dateModified\":\"2026-08-28T07:22:02+00:00\",\"breadcrumb\":{\"@id\":\"https:\\\/\\\/wave-gr.eu\\\/de\\\/ard-reportage-gestern-erschien-der-beitrag-nachhaltige-modellprojekte-in-der-saarlaendischen-holzwirtschaft-dlg-bau-und-izes\\\/#breadcrumb\"},\"inLanguage\":\"de\",\"potentialAction\":[{\"@type\":\"ReadAction\",\"target\":[\"https:\\\/\\\/wave-gr.eu\\\/de\\\/ard-reportage-gestern-erschien-der-beitrag-nachhaltige-modellprojekte-in-der-saarlaendischen-holzwirtschaft-dlg-bau-und-izes\\\/\"]}]},{\"@type\":\"ImageObject\",\"inLanguage\":\"de\",\"@id\":\"https:\\\/\\\/wave-gr.eu\\\/de\\\/ard-reportage-gestern-erschien-der-beitrag-nachhaltige-modellprojekte-in-der-saarlaendischen-holzwirtschaft-dlg-bau-und-izes\\\/#primaryimage\",\"url\":\"https:\\\/\\\/wave-gr.eu\\\/wp-content\\\/uploads\\\/2026\\\/08\\\/ARD-Moduloop_260826.png\",\"contentUrl\":\"https:\\\/\\\/wave-gr.eu\\\/wp-content\\\/uploads\\\/2026\\\/08\\\/ARD-Moduloop_260826.png\",\"width\":1815,\"height\":825},{\"@type\":\"BreadcrumbList\",\"@id\":\"https:\\\/\\\/wave-gr.eu\\\/de\\\/ard-reportage-gestern-erschien-der-beitrag-nachhaltige-modellprojekte-in-der-saarlaendischen-holzwirtschaft-dlg-bau-und-izes\\\/#breadcrumb\",\"itemListElement\":[{\"@type\":\"ListItem\",\"position\":1,\"name\":\"Home\",\"item\":\"https:\\\/\\\/wave-gr.eu\\\/de\\\/\"},{\"@type\":\"ListItem\",\"position\":2,\"name\":\"ARD-Reportage &#8211; \u00ab\u00a0Nachhaltige Modellprojekte in der saarl\u00e4ndischen Holzwirtschaft\u00a0\u00bb\u00a0-DLG Bau und IZES\"}]},{\"@type\":\"WebSite\",\"@id\":\"https:\\\/\\\/wave-gr.eu\\\/de\\\/#website\",\"url\":\"https:\\\/\\\/wave-gr.eu\\\/de\\\/\",\"name\":\"Projet INTERREG GR W.A.V.E.\",\"description\":\"\",\"publisher\":{\"@id\":\"https:\\\/\\\/wave-gr.eu\\\/de\\\/#organization\"},\"potentialAction\":[{\"@type\":\"SearchAction\",\"target\":{\"@type\":\"EntryPoint\",\"urlTemplate\":\"https:\\\/\\\/wave-gr.eu\\\/de\\\/?s={search_term_string}\"},\"query-input\":{\"@type\":\"PropertyValueSpecification\",\"valueRequired\":true,\"valueName\":\"search_term_string\"}}],\"inLanguage\":\"de\"},{\"@type\":\"Organization\",\"@id\":\"https:\\\/\\\/wave-gr.eu\\\/de\\\/#organization\",\"name\":\"Projet INTERREG GR W.A.V.E.\",\"url\":\"https:\\\/\\\/wave-gr.eu\\\/de\\\/\",\"logo\":{\"@type\":\"ImageObject\",\"inLanguage\":\"de\",\"@id\":\"https:\\\/\\\/wave-gr.eu\\\/de\\\/#\\\/schema\\\/logo\\\/image\\\/\",\"url\":\"https:\\\/\\\/wave-gr.eu\\\/wp-content\\\/uploads\\\/2024\\\/10\\\/cropped-Groupe-3964.png\",\"contentUrl\":\"https:\\\/\\\/wave-gr.eu\\\/wp-content\\\/uploads\\\/2024\\\/10\\\/cropped-Groupe-3964.png\",\"width\":512,\"height\":512,\"caption\":\"Projet INTERREG GR W.A.V.E.\"},\"image\":{\"@id\":\"https:\\\/\\\/wave-gr.eu\\\/de\\\/#\\\/schema\\\/logo\\\/image\\\/\"}},{\"@type\":\"Person\",\"@id\":\"https:\\\/\\\/wave-gr.eu\\\/de\\\/#\\\/schema\\\/person\\\/73f620df67cfbb79252113141cfb4cbe\",\"name\":\"wave\",\"image\":{\"@type\":\"ImageObject\",\"inLanguage\":\"de\",\"@id\":\"https:\\\/\\\/secure.gravatar.com\\\/avatar\\\/246d71dbb2deaa6f8b5b2e03a1df2780d56b405d5425e70ec70ac9b0c3c73ffd?s=96&d=mm&r=g\",\"url\":\"https:\\\/\\\/secure.gravatar.com\\\/avatar\\\/246d71dbb2deaa6f8b5b2e03a1df2780d56b405d5425e70ec70ac9b0c3c73ffd?s=96&d=mm&r=g\",\"contentUrl\":\"https:\\\/\\\/secure.gravatar.com\\\/avatar\\\/246d71dbb2deaa6f8b5b2e03a1df2780d56b405d5425e70ec70ac9b0c3c73ffd?s=96&d=mm&r=g\",\"caption\":\"wave\"},\"url\":\"https:\\\/\\\/wave-gr.eu\\\/de\\\/author\\\/wave\\\/\"}]}<\/script>\n<!-- \/ Yoast SEO plugin. -->","yoast_head_json":{"title":"ARD-Reportage - \"Nachhaltige Modellprojekte in der saarl\u00e4ndischen Holzwirtschaft\"\u00a0-DLG Bau und IZES - Projet INTERREG GR W.A.V.E.","robots":{"index":"index","follow":"follow","max-snippet":"max-snippet:-1","max-image-preview":"max-image-preview:large","max-video-preview":"max-video-preview:-1"},"canonical":"https:\/\/wave-gr.eu\/de\/ard-reportage-gestern-erschien-der-beitrag-nachhaltige-modellprojekte-in-der-saarlaendischen-holzwirtschaft-dlg-bau-und-izes\/","og_locale":"de_DE","og_type":"article","og_title":"ARD-Reportage - \"Nachhaltige Modellprojekte in der saarl\u00e4ndischen Holzwirtschaft\"\u00a0-DLG Bau und IZES - Projet INTERREG GR W.A.V.E.","og_description":"ARD-Reportage-&#8222;Nachhaltige Modellprojekte in der saarl\u00e4ndischen Holzwirtschaft&#8220;\u00a0 (ab Minute 22:25). Das sr-Fernsehen begleitet das Interreg-Projekt W.A.V.E. zur F\u00f6rderung des nachhaltigen Bauens in der Gro\u00dfregion mit den saarl\u00e4ndischen Partnern, der Dienstleistungsgesellschaft der saarl\u00e4ndischen Bauwirtschaft und der IZES gGmbH von Beginn an. Gestern erschien (26.08.26) der Beitrag&#8220;Nachhaltige Modellprojekte in der saarl\u00e4ndischen Holzwirtschaft&#8220;\u00a0 (ab Minute 22:25). Abrufbar in der [&hellip;]","og_url":"https:\/\/wave-gr.eu\/de\/ard-reportage-gestern-erschien-der-beitrag-nachhaltige-modellprojekte-in-der-saarlaendischen-holzwirtschaft-dlg-bau-und-izes\/","og_site_name":"Projet INTERREG GR W.A.V.E.","article_published_time":"2026-08-28T07:17:39+00:00","article_modified_time":"2026-08-28T07:22:02+00:00","og_image":[{"width":1024,"height":465,"url":"https:\/\/wave-gr.eu\/wp-content\/uploads\/2026\/08\/ARD-Moduloop_260826-1024x465.png","type":"image\/png"}],"author":"wave","twitter_card":"summary_large_image","twitter_misc":{"Verfasst von":"wave","Gesch\u00e4tzte Lesezeit":"2\u00a0Minuten"},"schema":{"@context":"https:\/\/schema.org","@graph":[{"@type":"Article","@id":"https:\/\/wave-gr.eu\/de\/ard-reportage-gestern-erschien-der-beitrag-nachhaltige-modellprojekte-in-der-saarlaendischen-holzwirtschaft-dlg-bau-und-izes\/#article","isPartOf":{"@id":"https:\/\/wave-gr.eu\/de\/ard-reportage-gestern-erschien-der-beitrag-nachhaltige-modellprojekte-in-der-saarlaendischen-holzwirtschaft-dlg-bau-und-izes\/"},"author":{"name":"wave","@id":"https:\/\/wave-gr.eu\/de\/#\/schema\/person\/73f620df67cfbb79252113141cfb4cbe"},"headline":"ARD-Reportage &#8211; &#8222;Nachhaltige Modellprojekte in der saarl\u00e4ndischen Holzwirtschaft&#8220;\u00a0-DLG Bau und IZES","datePublished":"2026-08-28T07:17:39+00:00","dateModified":"2026-08-28T07:22:02+00:00","mainEntityOfPage":{"@id":"https:\/\/wave-gr.eu\/de\/ard-reportage-gestern-erschien-der-beitrag-nachhaltige-modellprojekte-in-der-saarlaendischen-holzwirtschaft-dlg-bau-und-izes\/"},"wordCount":232,"publisher":{"@id":"https:\/\/wave-gr.eu\/de\/#organization"},"image":{"@id":"https:\/\/wave-gr.eu\/de\/ard-reportage-gestern-erschien-der-beitrag-nachhaltige-modellprojekte-in-der-saarlaendischen-holzwirtschaft-dlg-bau-und-izes\/#primaryimage"},"thumbnailUrl":"https:\/\/wave-gr.eu\/wp-content\/uploads\/2026\/08\/ARD-Moduloop_260826.png","articleSection":["Unkategorisiert"],"inLanguage":"de"},{"@type":"WebPage","@id":"https:\/\/wave-gr.eu\/de\/ard-reportage-gestern-erschien-der-beitrag-nachhaltige-modellprojekte-in-der-saarlaendischen-holzwirtschaft-dlg-bau-und-izes\/","url":"https:\/\/wave-gr.eu\/de\/ard-reportage-gestern-erschien-der-beitrag-nachhaltige-modellprojekte-in-der-saarlaendischen-holzwirtschaft-dlg-bau-und-izes\/","name":"ARD-Reportage - \"Nachhaltige Modellprojekte in der saarl\u00e4ndischen Holzwirtschaft\"\u00a0-DLG Bau und IZES - Projet INTERREG GR W.A.V.E.","isPartOf":{"@id":"https:\/\/wave-gr.eu\/de\/#website"},"primaryImageOfPage":{"@id":"https:\/\/wave-gr.eu\/de\/ard-reportage-gestern-erschien-der-beitrag-nachhaltige-modellprojekte-in-der-saarlaendischen-holzwirtschaft-dlg-bau-und-izes\/#primaryimage"},"image":{"@id":"https:\/\/wave-gr.eu\/de\/ard-reportage-gestern-erschien-der-beitrag-nachhaltige-modellprojekte-in-der-saarlaendischen-holzwirtschaft-dlg-bau-und-izes\/#primaryimage"},"thumbnailUrl":"https:\/\/wave-gr.eu\/wp-content\/uploads\/2026\/08\/ARD-Moduloop_260826.png","datePublished":"2026-08-28T07:17:39+00:00","dateModified":"2026-08-28T07:22:02+00:00","breadcrumb":{"@id":"https:\/\/wave-gr.eu\/de\/ard-reportage-gestern-erschien-der-beitrag-nachhaltige-modellprojekte-in-der-saarlaendischen-holzwirtschaft-dlg-bau-und-izes\/#breadcrumb"},"inLanguage":"de","potentialAction":[{"@type":"ReadAction","target":["https:\/\/wave-gr.eu\/de\/ard-reportage-gestern-erschien-der-beitrag-nachhaltige-modellprojekte-in-der-saarlaendischen-holzwirtschaft-dlg-bau-und-izes\/"]}]},{"@type":"ImageObject","inLanguage":"de","@id":"https:\/\/wave-gr.eu\/de\/ard-reportage-gestern-erschien-der-beitrag-nachhaltige-modellprojekte-in-der-saarlaendischen-holzwirtschaft-dlg-bau-und-izes\/#primaryimage","url":"https:\/\/wave-gr.eu\/wp-content\/uploads\/2026\/08\/ARD-Moduloop_260826.png","contentUrl":"https:\/\/wave-gr.eu\/wp-content\/uploads\/2026\/08\/ARD-Moduloop_260826.png","width":1815,"height":825},{"@type":"BreadcrumbList","@id":"https:\/\/wave-gr.eu\/de\/ard-reportage-gestern-erschien-der-beitrag-nachhaltige-modellprojekte-in-der-saarlaendischen-holzwirtschaft-dlg-bau-und-izes\/#breadcrumb","itemListElement":[{"@type":"ListItem","position":1,"name":"Home","item":"https:\/\/wave-gr.eu\/de\/"},{"@type":"ListItem","position":2,"name":"ARD-Reportage &#8211; \u00ab\u00a0Nachhaltige Modellprojekte in der saarl\u00e4ndischen Holzwirtschaft\u00a0\u00bb\u00a0-DLG Bau und IZES"}]},{"@type":"WebSite","@id":"https:\/\/wave-gr.eu\/de\/#website","url":"https:\/\/wave-gr.eu\/de\/","name":"Projet INTERREG GR W.A.V.E.","description":"","publisher":{"@id":"https:\/\/wave-gr.eu\/de\/#organization"},"potentialAction":[{"@type":"SearchAction","target":{"@type":"EntryPoint","urlTemplate":"https:\/\/wave-gr.eu\/de\/?s={search_term_string}"},"query-input":{"@type":"PropertyValueSpecification","valueRequired":true,"valueName":"search_term_string"}}],"inLanguage":"de"},{"@type":"Organization","@id":"https:\/\/wave-gr.eu\/de\/#organization","name":"Projet INTERREG GR W.A.V.E.","url":"https:\/\/wave-gr.eu\/de\/","logo":{"@type":"ImageObject","inLanguage":"de","@id":"https:\/\/wave-gr.eu\/de\/#\/schema\/logo\/image\/","url":"https:\/\/wave-gr.eu\/wp-content\/uploads\/2024\/10\/cropped-Groupe-3964.png","contentUrl":"https:\/\/wave-gr.eu\/wp-content\/uploads\/2024\/10\/cropped-Groupe-3964.png","width":512,"height":512,"caption":"Projet INTERREG GR W.A.V.E."},"image":{"@id":"https:\/\/wave-gr.eu\/de\/#\/schema\/logo\/image\/"}},{"@type":"Person","@id":"https:\/\/wave-gr.eu\/de\/#\/schema\/person\/73f620df67cfbb79252113141cfb4cbe","name":"wave","image":{"@type":"ImageObject","inLanguage":"de","@id":"https:\/\/secure.gravatar.com\/avatar\/246d71dbb2deaa6f8b5b2e03a1df2780d56b405d5425e70ec70ac9b0c3c73ffd?s=96&d=mm&r=g","url":"https:\/\/secure.gravatar.com\/avatar\/246d71dbb2deaa6f8b5b2e03a1df2780d56b405d5425e70ec70ac9b0c3c73ffd?s=96&d=mm&r=g","contentUrl":"https:\/\/secure.gravatar.com\/avatar\/246d71dbb2deaa6f8b5b2e03a1df2780d56b405d5425e70ec70ac9b0c3c73ffd?s=96&d=mm&r=g","caption":"wave"},"url":"https:\/\/wave-gr.eu\/de\/author\/wave\/"}]}},"_links":{"self":[{"href":"https:\/\/wave-gr.eu\/de\/wp-json\/wp\/v2\/posts\/3689","targetHints":{"allow":["GET"]}}],"collection":[{"href":"https:\/\/wave-gr.eu\/de\/wp-json\/wp\/v2\/posts"}],"about":[{"href":"https:\/\/wave-gr.eu\/de\/wp-json\/wp\/v2\/types\/post"}],"author":[{"embeddable":true,"href":"https:\/\/wave-gr.eu\/de\/wp-json\/wp\/v2\/users\/2"}],"replies":[{"embeddable":true,"href":"https:\/\/wave-gr.eu\/de\/wp-json\/wp\/v2\/comments?post=3689"}],"version-history":[{"count":2,"href":"https:\/\/wave-gr.eu\/de\/wp-json\/wp\/v2\/posts\/3689\/revisions"}],"predecessor-version":[{"id":3692,"href":"https:\/\/wave-gr.eu\/de\/wp-json\/wp\/v2\/posts\/3689\/revisions\/3692"}],"wp:featuredmedia":[{"embeddable":true,"href":"https:\/\/wave-gr.eu\/de\/wp-json\/wp\/v2\/media\/3684"}],"wp:attachment":[{"href":"https:\/\/wave-gr.eu\/de\/wp-json\/wp\/v2\/media?parent=3689"}],"wp:term":[{"taxonomy":"category","embeddable":true,"href":"https:\/\/wave-gr.eu\/de\/wp-json\/wp\/v2\/categories?post=3689"},{"taxonomy":"post_tag","embeddable":true,"href":"https:\/\/wave-gr.eu\/de\/wp-json\/wp\/v2\/tags?post=3689"}],"curies":[{"name":"wp","href":"https:\/\/api.w.org\/{rel}","templated":true}]}}